{"id":2065,"date":"2026-04-04T08:00:25","date_gmt":"2026-04-04T06:00:25","guid":{"rendered":"https:\/\/gatien-wierez.com\/index.php\/2026\/04\/04\/200-ans-de-silence-le-massacre-des-lucs-sur-boulogne\/"},"modified":"2026-04-04T08:00:25","modified_gmt":"2026-04-04T06:00:25","slug":"200-ans-de-silence-le-massacre-des-lucs-sur-boulogne","status":"publish","type":"post","link":"https:\/\/gatien-wierez.com\/index.php\/2026\/04\/04\/200-ans-de-silence-le-massacre-des-lucs-sur-boulogne\/","title":{"rendered":"200 ans de silence : Le massacre des Lucs-sur-Boulogne"},"content":{"rendered":"<p><iframe width=\"720\" height=\"405\" src=\"https:\/\/www.youtube.com\/embed\/XKBNQr4WrJQ?feature=oembed\" frameborder=\"0\" allowfullscreen><\/iframe><\/p>\n<p>Le 28 f\u00e9vrier 1794, l&rsquo;histoire de France bascule dans l&rsquo;horreur aux Lucs-sur-Boulogne. En quelques heures, entre 500 et 700 civils \u2014 femmes, vieillards et nourrissons \u2014 perdent la vie sous les ordres du g\u00e9n\u00e9ral Turreau et de ses \u00ab\u00a0Colonnes Infernales\u00a0\u00bb.<br \/>\nPourquoi ce massacre a-t-il \u00e9t\u00e9 occult\u00e9 des manuels scolaires pendant deux si\u00e8cles? D\u00e9couvrez le destin bris\u00e9 de ces familles dont les noms sont aujourd&rsquo;hui grav\u00e9s dans la pierre du M\u00e9morial de Vend\u00e9e.<br \/>\nRegardons la v\u00e9rit\u00e9 en face, car derri\u00e8re chaque chiffre, il y a un visage.<br \/>\n\ud83d\udccc Dans cette vid\u00e9o :<br \/>\n\u2022 L&rsquo;ordre d&rsquo;extermination de Turreau.<br \/>\n\u2022 Le drame de la chapelle Saint-Pierre.<br \/>\n\u2022 La m\u00e9moire retrouv\u00e9e deux si\u00e8cles plus tard.<br \/>\n\ud83d\udd14 Abonnez-vous pour ne pas oublier l&rsquo;histoire de France.<br \/>\n#Histoire #Vend\u00e9e #Patrimoine #France #R\u00e9volutionFran\u00e7aise #LesLucsSurBoulogne #Archives<\/p>\n<p>\u25ac\u25ac\u25ac\u25ac\u25ac\u25ac\u25ac\u25ac\u25ac\u25ac\u25ac Chapitres de cette vid\u00e9o \u25ac\u25ac\u25ac\u25ac\u25ac\u25ac\u25ac\u25ac\u25ac\u25ac\u25ac<br \/>\n00:00 &#8211; Intro<br \/>\n00:55 &#8211; La Vend\u00e9e : un monde \u00e0 part<br \/>\n02:19 &#8211; La R\u00e9volution arrive en Vend\u00e9e<br \/>\n03:35 &#8211; Le soul\u00e8vement de mars 1793<br \/>\n05:10 &#8211; Turreau et l&rsquo;ordre d&rsquo;extermination<br \/>\n06:30 &#8211; Les semaines qui pr\u00e9c\u00e8dent : la terreur avance<br \/>\n07:40 &#8211; Le matin du 28 f\u00e9vrier<br \/>\n08:37 &#8211; La chapelle Saint-Pierre<br \/>\n09:37 &#8211; Le bilan du massacre<br \/>\n10:37 &#8211; Les survivants : revenir dans les ruines<br \/>\n11:46 &#8211; Deux si\u00e8cles de silence<br \/>\n13:08 &#8211; La m\u00e9moire se r\u00e9veille<br \/>\n14:20 &#8211; Le M\u00e9morial de Vend\u00e9e<br \/>\n15:37 &#8211; Que retenir?<br \/>\n\u25ac\u25ac\u25ac\u25ac\u25ac\u25ac\u25ac\u25ac\u25ac\u25ac\u25ac Mon livre \u25ac\u25ac\u25ac\u25ac\u25ac\u25ac\u25ac\u25ac\u25ac\u25ac\u25ac<br \/>\n<a href=\"https:\/\/tinyurl.com\/2wnfdkw5\" rel=\"nofollow\">https:\/\/tinyurl.com\/2wnfdkw5<\/a><br \/>\n\u25ac\u25ac\u25ac\u25ac\u25ac\u25ac\u25ac\u25ac\u25ac\u25ac\u25ac R\u00e9seaux sociaux \u25ac\u25ac\u25ac\u25ac\u25ac\u25ac\u25ac\u25ac\u25ac\u25ac\u25ac<br \/>\nFacebook :<br \/>\n<a href=\"https:\/\/tinyurl.com\/2h36acs9\" rel=\"nofollow\">https:\/\/tinyurl.com\/2h36acs9<\/a><\/p>\n<p>Instagram :<br \/>\n<a href=\"https:\/\/www.instagram.com\/gatienwierez\/\" rel=\"nofollow\">https:\/\/www.instagram.com\/gatienwierez\/<\/a><\/p>\n<p>TikTok :<br \/>\n<a href=\"https:\/\/www.tiktok.com\/@gw_histoire?lang=fr\" rel=\"nofollow\">https:\/\/www.tiktok.com\/@gw_histoire?lang=fr<\/a><\/p>\n<p>Site internet :<br \/>\n<a href=\"https:\/\/gatien-wierez.com\/\">https:\/\/gatien-wierez.com\/<\/a><\/p>\n","protected":false},"excerpt":{"rendered":"<p>Le 28 f\u00e9vrier 1794, l&rsquo;histoire de France bascule dans l&rsquo;horreur aux Lucs-sur-Boulogne. En quelques heures, entre 500 et 700 civils \u2014 femmes, vieillards et nourrissons \u2014 perdent la vie sous les ordres du g\u00e9n\u00e9ral Turreau et de ses \u00ab\u00a0Colonnes Infernales\u00a0\u00bb.<br \/>\nPourquoi ce massacre a-t-il \u00e9t\u00e9 occult\u00e9 des manuels scolaires pendant deux si\u00e8cles? D\u00e9couvrez le destin bris\u00e9 de ces familles dont les noms sont aujourd&rsquo;hui grav\u00e9s dans la pierre du M\u00e9morial de Vend\u00e9e.<br \/>\nRegardons la v\u00e9rit\u00e9 en face, car derri\u00e8re chaque chiffre, il y a un visage.<br \/>\n\ud83d\udccc Dans cette vid\u00e9o :<br \/>\n\u2022 L&rsquo;ordre d&rsquo;extermination de Turreau.<br \/>\n\u2022 Le drame de la chapelle Saint-Pierre.<br \/>\n\u2022 La m\u00e9moire retrouv\u00e9e deux si\u00e8cles plus tard.<br \/>\n\ud83d\udd14 Abonnez-vous pour ne pas oublier l&rsquo;histoire de France.<br \/>\n#Histoire #Vend\u00e9e #Patrimoine #France #R\u00e9volutionFran\u00e7aise #LesLucsSurBoulogne #Archives<\/p>\n<p>\u25ac\u25ac\u25ac\u25ac\u25ac\u25ac\u25ac\u25ac\u25ac\u25ac\u25ac Chapitres de cette vid\u00e9o \u25ac\u25ac\u25ac\u25ac\u25ac\u25ac\u25ac\u25ac\u25ac\u25ac\u25ac<br \/>\n00:00 &#8211; Intro<br \/>\n00:55 &#8211; La Vend\u00e9e : un monde \u00e0 part<br \/>\n02:19 &#8211; La R\u00e9volution arrive en Vend\u00e9e<br \/>\n03:35 &#8211; Le soul\u00e8vement de mars 1793<br \/>\n05:10 &#8211; Turreau et l&rsquo;ordre d&rsquo;extermination<br \/>\n06:30 &#8211; Les semaines qui pr\u00e9c\u00e8dent : la terreur avance<br \/>\n07:40 &#8211; Le matin du 28 f\u00e9vrier<br \/>\n08:37 &#8211; La chapelle Saint-Pierre<br \/>\n09:37 &#8211; Le bilan du massacre<br \/>\n10:37 &#8211; Les survivants : revenir dans les ruines<br \/>\n11:46 &#8211; Deux si\u00e8cles de silence<br \/>\n13:08 &#8211; La m\u00e9moire se r\u00e9veille<br \/>\n14:20 &#8211; Le M\u00e9morial de Vend\u00e9e<br \/>\n15:37 &#8211; Que retenir?<br \/>\n\u25ac\u25ac\u25ac\u25ac\u25ac\u25ac\u25ac\u25ac\u25ac\u25ac\u25ac Mon livre \u25ac\u25ac\u25ac\u25ac\u25ac\u25ac\u25ac\u25ac\u25ac\u25ac\u25ac<br \/>\nhttps:\/\/tinyurl.com\/2wnfdkw5<br \/>\n\u25ac\u25ac\u25ac\u25ac\u25ac\u25ac\u25ac\u25ac\u25ac\u25ac\u25ac R\u00e9seaux sociaux \u25ac\u25ac\u25ac\u25ac\u25ac\u25ac\u25ac\u25ac\u25ac\u25ac\u25ac<br \/>\nFacebook :<br \/>\nhttps:\/\/tinyurl.com\/2h36acs9<\/p>\n<p>Instagram :<br \/>\nhttps:\/\/www.instagram.com\/gatienwierez\/<\/p>\n<p>TikTok :<br \/>\nhttps:\/\/www.tiktok.com\/@gw_histoire?lang=fr<\/p>\n<p>Site internet :<br \/>\nhttps:\/\/gatien-wierez.com\/<\/p>\n","protected":false},"author":1,"featured_media":2066,"comment_status":"open","ping_status":"open","sticky":false,"template":"","format":"standard","meta":{"_kadence_starter_templates_imported_post":false,"_kad_post_transparent":"","_kad_post_title":"","_kad_post_layout":"","_kad_post_sidebar_id":"","_kad_post_content_style":"","_kad_post_vertical_padding":"","_kad_post_feature":"","_kad_post_feature_position":"","_kad_post_header":false,"_kad_post_footer":false,"_kad_post_classname":"","slim_seo":{"title":"200 ans de silence : Le massacre des Lucs-sur-Boulogne - Gatien WIEREZ","description":"Le 28 f\u00e9vrier 1794, l'histoire de France bascule dans l'horreur aux Lucs-sur-Boulogne. En quelques heures, entre 500 et 700 civils \u2014 femmes, vieillards et nourr"},"footnotes":""},"categories":[22],"tags":[],"class_list":["post-2065","post","type-post","status-publish","format-standard","has-post-thumbnail","hentry","category-youtube"],"_links":{"self":[{"href":"https:\/\/gatien-wierez.com\/index.php\/wp-json\/wp\/v2\/posts\/2065","targetHints":{"allow":["GET"]}}],"collection":[{"href":"https:\/\/gatien-wierez.com\/index.php\/wp-json\/wp\/v2\/posts"}],"about":[{"href":"https:\/\/gatien-wierez.com\/index.php\/wp-json\/wp\/v2\/types\/post"}],"author":[{"embeddable":true,"href":"https:\/\/gatien-wierez.com\/index.php\/wp-json\/wp\/v2\/users\/1"}],"replies":[{"embeddable":true,"href":"https:\/\/gatien-wierez.com\/index.php\/wp-json\/wp\/v2\/comments?post=2065"}],"version-history":[{"count":0,"href":"https:\/\/gatien-wierez.com\/index.php\/wp-json\/wp\/v2\/posts\/2065\/revisions"}],"wp:featuredmedia":[{"embeddable":true,"href":"https:\/\/gatien-wierez.com\/index.php\/wp-json\/wp\/v2\/media\/2066"}],"wp:attachment":[{"href":"https:\/\/gatien-wierez.com\/index.php\/wp-json\/wp\/v2\/media?parent=2065"}],"wp:term":[{"taxonomy":"category","embeddable":true,"href":"https:\/\/gatien-wierez.com\/index.php\/wp-json\/wp\/v2\/categories?post=2065"},{"taxonomy":"post_tag","embeddable":true,"href":"https:\/\/gatien-wierez.com\/index.php\/wp-json\/wp\/v2\/tags?post=2065"}],"curies":[{"name":"wp","href":"https:\/\/api.w.org\/{rel}","templated":true}]}}